{"id":75,"date":"2022-06-16T00:24:23","date_gmt":"2022-06-16T00:24:23","guid":{"rendered":"https:\/\/alianzaneo.org\/noticias\/?p=75"},"modified":"2022-06-16T16:05:26","modified_gmt":"2022-06-16T16:05:26","slug":"talento-digital-la-apuesta-para-la-nueva-empleabilidad","status":"publish","type":"post","link":"https:\/\/alianzaneo.org\/noticias\/talento-digital-la-apuesta-para-la-nueva-empleabilidad\/","title":{"rendered":"Talento Digital:\u00a0 la apuesta para la nueva empleabilidad."},"content":{"rendered":"\n<p>El talento digital est\u00e1 relacionado con aquellas personas, ya sean nativas digitales o no, y que cuentan con los conocimientos suficientes para utilizar diversas herramientas tecnol\u00f3gicas.<\/p>\n\n\n\n<p>Este t\u00e9rmino se asocia normalmente a personas con altos conocimientos en programaci\u00f3n o tecnolog\u00eda, pero no necesariamente debe o es as\u00ed.&nbsp; <strong>Cualquiera de nosotros puede desarrollar su talento digital<\/strong>.<\/p>\n\n\n\n<div style=\"height:30px\" aria-hidden=\"true\" class=\"wp-block-spacer\"><\/div>\n\n\n\n<p>Hasta ahora hemos hablado de que el Talento Digital lo puede desarrollar y desempe\u00f1ar cualquiera, y eso es cierto. Sin embargo, al momento de hablar de empleabilidad, este t\u00e9rmino va m\u00e1s all\u00e1. Para que un profesional pueda ser considerado como talento digital este debe poseer una serie de habilidades blandas m\u00e1s all\u00e1 de sus habilidades tecnol\u00f3gicas.<\/p>\n\n\n\n<div style=\"height:30px\" aria-hidden=\"true\" class=\"wp-block-spacer\"><\/div>\n\n\n\n<figure class=\"wp-block-image size-full\"><img loading=\"lazy\" decoding=\"async\" width=\"1000\" height=\"667\" src=\"https:\/\/alianzaneo.org\/noticias\/wp-content\/uploads\/2022\/06\/digital-alianza.jpeg\" alt=\"\" class=\"wp-image-77\" srcset=\"https:\/\/alianzaneo.org\/noticias\/wp-content\/uploads\/2022\/06\/digital-alianza.jpeg 1000w, https:\/\/alianzaneo.org\/noticias\/wp-content\/uploads\/2022\/06\/digital-alianza-300x200.jpeg 300w, https:\/\/alianzaneo.org\/noticias\/wp-content\/uploads\/2022\/06\/digital-alianza-768x512.jpeg 768w\" sizes=\"auto, (max-width: 1000px) 100vw, 1000px\" \/><figcaption>Todos debemos tener la capacidad de integrar la tecnolog\u00eda en nuestro desempe\u00f1o profesional<\/figcaption><\/figure>\n\n\n\n<div style=\"height:30px\" aria-hidden=\"true\" class=\"wp-block-spacer\"><\/div>\n\n\n\n<p>Por tanto, el talento digital es un recurso determinante no solo para las empresas, sino para los pa\u00edses que desean mejorar sus niveles de competitividad como marca pa\u00eds.<\/p>\n\n\n\n<p>Las empresas actualmente buscan cada vez m\u00e1s aquellos perfiles con conocimientos en IoT, Cloud Computing, entre otros, sin olvidar que estos perfiles tambi\u00e9n tienen que contar con capacidad de liderazgo, trabajo en equipo, comunicaci\u00f3n, atenci\u00f3n al cliente, creatividad e innovaci\u00f3n.<\/p>\n\n\n\n<div style=\"height:30px\" aria-hidden=\"true\" class=\"wp-block-spacer\"><\/div>\n\n\n\n<p><strong>El 93% de los directivos que desea convertir a sus organizaciones en data driven afirma que el mayor obst\u00e1culo no es la tecnolog\u00eda, sino sus mismos empleados<\/strong> (NewVantage Partners). El problema se produce porque muchos profesionales no han desarrollado las habilidades necesarias para convertirse en el talento digital que necesitan las empresas aunado a esto podemos mencionar que el sistema educativo actual no proporciona el n\u00famero necesario de profesionales que tengan las habilidades y competencias que demanda la industria 4.0 en la que estamos inmersos.<\/p>\n\n\n\n<div style=\"height:30px\" aria-hidden=\"true\" class=\"wp-block-spacer\"><\/div>\n\n\n\n<blockquote class=\"wp-block-quote is-layout-flow wp-block-quote-is-layout-flow\"><p>Las empresas actualmente buscan cada vez m\u00e1s aquellos perfiles con conocimientos en IoT, Cloud Computing, entre otros, sin olvidar que estos perfiles tambi\u00e9n tienen que contar con capacidad de liderazgo, trabajo en equipo, comunicaci\u00f3n, atenci\u00f3n al cliente, creatividad e innovaci\u00f3n.<\/p><\/blockquote>\n\n\n\n<div style=\"height:30px\" aria-hidden=\"true\" class=\"wp-block-spacer\"><\/div>\n\n\n\n<p><strong>La escasez de talento digital est\u00e1 creando un cuello de botella para el crecimiento econ\u00f3mico.<\/strong> Se trata de un tema que afecta a la sociedad en general.&nbsp; Porque afecta a las instituciones educativas en sus distintas etapas y a la formaci\u00f3n continua, impactando a su vez a la industria y obligando a los gobiernos a establecer pol\u00edticas p\u00fablicas que impulsen su desarrollo.<\/p>\n\n\n\n<div style=\"height:30px\" aria-hidden=\"true\" class=\"wp-block-spacer\"><\/div>\n\n\n\n<p>Todos debemos tener la capacidad de integrar la tecnolog\u00eda en nuestro desempe\u00f1o profesional, respondiendo a las nuevas necesidades que demanda el entorno laboral digital y con ello desarrollando nuestro propio talento digital.<\/p>\n\n\n\n<div style=\"height:30px\" aria-hidden=\"true\" class=\"wp-block-spacer\"><\/div>\n\n\n\n<p>Un ejemplo de este desarrollo, son aquellos profesores que ahora utilizan zoom o cualquiera de&nbsp; las plataformas similares para implementar sus clases, esas mismas que utiliza un abogado para las audiencias, el implementar apps como parte de la administraci\u00f3n de tareas dentro de los equipos de trabajo. <strong>Al fin y al cabo, todos, estamos utilizando la tecnolog\u00eda para poner nuestros servicios a disposici\u00f3n del cliente <\/strong>o incluso para nuestra propia comodidad como las casas inteligentes o el simple hecho de crear contenido para las redes sociales.<\/p>\n\n\n\n<div style=\"height:30px\" aria-hidden=\"true\" class=\"wp-block-spacer\"><\/div>\n\n\n\n<p>Es por ello por lo que debemos seguir form\u00e1ndonos en los diversos temas, fortalecer nuestras habilidades t\u00e9cnicas sin olvidar nuestras habilidades blandas, esto para desarrollar nuestro talento y tambi\u00e9n formarnos como candidatos competitivos.&nbsp;<\/p>\n\n\n\n<div style=\"height:30px\" aria-hidden=\"true\" class=\"wp-block-spacer\"><\/div>\n\n\n\n<p>Respondiendo a estas necesidades, desde Fundaci\u00f3n Telef\u00f3nica apostamos a la formaci\u00f3n de las personas en temas tecnol\u00f3gicos, acercando mediante el proyecto Conecta Empleo, formaciones alineadas a estos perfiles tecnol\u00f3gicos, que respondan las necesidades de personas que no tienen conocimientos t\u00e9cnicos, pero quieren aprender, aquellos que tienen conocimientos, pero quieren actualizarse y para aquellos que desean una formaci\u00f3n continua y reforzar sus habilidades blandas y t\u00e9cnicas. Los invitamos a conocer nuestra oferta en el siguiente link: <\/p>\n\n\n\n<div style=\"height:30px\" aria-hidden=\"true\" class=\"wp-block-spacer\"><\/div>\n\n\n\n<p><a href=\"https:\/\/www.fundaciontelefonica.com.mx\/empleabilidad\/formacion\/\">https:\/\/www.fundaciontelefonica.com.mx\/empleabilidad\/formacion\/<\/a><\/p>\n\n\n\n<div style=\"height:30px\" aria-hidden=\"true\" class=\"wp-block-spacer\"><\/div>\n\n\n\n<hr class=\"wp-block-separator has-alpha-channel-opacity\"\/>\n\n\n\n<div style=\"height:30px\" aria-hidden=\"true\" class=\"wp-block-spacer\"><\/div>\n\n\n<div class=\"wp-block-image\">\n<figure class=\"aligncenter size-full is-resized\"><img loading=\"lazy\" decoding=\"async\" src=\"https:\/\/alianzaneo.org\/noticias\/wp-content\/uploads\/2022\/06\/ana-hinojosa.png\" alt=\"\" class=\"wp-image-79\" width=\"322\" height=\"377\" srcset=\"https:\/\/alianzaneo.org\/noticias\/wp-content\/uploads\/2022\/06\/ana-hinojosa.png 538w, https:\/\/alianzaneo.org\/noticias\/wp-content\/uploads\/2022\/06\/ana-hinojosa-256x300.png 256w\" sizes=\"auto, (max-width: 322px) 100vw, 322px\" \/><\/figure>\n<\/div>\n\n\n<p class=\"has-text-align-center\"><strong>Ana Hinojosa <\/strong><\/p>\n\n\n\n<p class=\"has-text-align-center\">Responsable de Empleabilidad e Innovaci\u00f3n Educativa<\/p>\n\n\n\n<div style=\"height:30px\" aria-hidden=\"true\" class=\"wp-block-spacer\"><\/div>\n\n\n\n<p>Naci\u00f3 en la Ciudad de M\u00e9xico. Licenciada en Pedagog\u00eda con Maestr\u00eda en Educaci\u00f3n. Cuenta con amplia experiencia en Organizaciones de la Sociedad Civil (OSC) y en la construcci\u00f3n de alianzas con organismos gubernamentales para implementar proyectos educativos.<\/p>\n\n\n\n<div style=\"height:30px\" aria-hidden=\"true\" class=\"wp-block-spacer\"><\/div>\n\n\n\n<p>En 2018 ingres\u00f3 a Fundaci\u00f3n Telef\u00f3nica Movistar como especialista en educaci\u00f3n para desarrollar procesos formativos con docentes del pa\u00eds. En 2019 se postul\u00f3 para dirigir el eje de Empleabilidad e Innovaci\u00f3n Educativa, posici\u00f3n que actualmente lidera exitosamente con el objetivo de impulsar el desarrollo de habilidades blandas y digitales en j\u00f3venes, y personas en situaci\u00f3n de desempleo.<\/p>\n\n\n\n<div style=\"height:30px\" aria-hidden=\"true\" class=\"wp-block-spacer\"><\/div>\n\n\n\n<p>Durante su gesti\u00f3n se han brindado m\u00e1s de 830K horas de formaci\u00f3n en beneficio de m\u00e1s de 100K usuarios de manera presencial y virtual en universidades, fundaciones, escuelas de educaci\u00f3n media superior, entre docentes y p\u00fablico en general, a trav\u00e9s de la coordinaci\u00f3n de 125 alianzas estrat\u00e9gicas.<\/p>\n","protected":false},"excerpt":{"rendered":"<p>El talento digital est\u00e1 relacionado con aquellas personas, ya sean nativas digitales o no, y que cuentan con los conocimientos suficientes para utilizar diversas herramientas tecnol\u00f3gicas. Este t\u00e9rmino se asocia normalmente a personas con altos conocimientos en programaci\u00f3n o tecnolog\u00eda, pero no necesariamente debe o es as\u00ed.&nbsp; Cualquiera de nosotros puede desarrollar su talento digital. [&hellip;]<\/p>\n","protected":false},"author":1,"featured_media":76,"comment_status":"open","ping_status":"open","sticky":false,"template":"","format":"standard","meta":{"footnotes":""},"categories":[9],"tags":[],"class_list":["post-75","post","type-post","status-publish","format-standard","has-post-thumbnail","hentry","category-empleo-digno"],"yoast_head":"<!-- This site is optimized with the Yoast SEO plugin v20.6 - https:\/\/yoast.com\/wordpress\/plugins\/seo\/ -->\n<title>Talento Digital:\u00a0 la apuesta para la nueva empleabilidad. - Alianza Neo<\/title>\n<meta name=\"robots\" content=\"index, follow, max-snippet:-1, max-image-preview:large, max-video-preview:-1\" \/>\n<link rel=\"canonical\" href=\"https:\/\/alianzaneo.org\/noticias\/talento-digital-la-apuesta-para-la-nueva-empleabilidad\/\" \/>\n<meta property=\"og:locale\" content=\"es_ES\" \/>\n<meta property=\"og:type\" content=\"article\" \/>\n<meta property=\"og:title\" content=\"Talento Digital:\u00a0 la apuesta para la nueva empleabilidad. - Alianza Neo\" \/>\n<meta property=\"og:description\" content=\"El talento digital est\u00e1 relacionado con aquellas personas, ya sean nativas digitales o no, y que cuentan con los conocimientos suficientes para utilizar diversas herramientas tecnol\u00f3gicas. Este t\u00e9rmino se asocia normalmente a personas con altos conocimientos en programaci\u00f3n o tecnolog\u00eda, pero no necesariamente debe o es as\u00ed.&nbsp; Cualquiera de nosotros puede desarrollar su talento digital. [&hellip;]\" \/>\n<meta property=\"og:url\" content=\"https:\/\/alianzaneo.org\/noticias\/talento-digital-la-apuesta-para-la-nueva-empleabilidad\/\" \/>\n<meta property=\"og:site_name\" content=\"Alianza Neo\" \/>\n<meta property=\"article:publisher\" content=\"https:\/\/www.facebook.com\/jovenesNEO\" \/>\n<meta property=\"article:published_time\" content=\"2022-06-16T00:24:23+00:00\" \/>\n<meta property=\"article:modified_time\" content=\"2022-06-16T16:05:26+00:00\" \/>\n<meta property=\"og:image\" content=\"https:\/\/alianzaneo.org\/noticias\/wp-content\/uploads\/2022\/06\/talento-digital.jpeg\" \/>\n\t<meta property=\"og:image:width\" content=\"1040\" \/>\n\t<meta property=\"og:image:height\" content=\"686\" \/>\n\t<meta property=\"og:image:type\" content=\"image\/jpeg\" \/>\n<meta name=\"author\" content=\"Alianza_Neo\" \/>\n<meta name=\"twitter:card\" content=\"summary_large_image\" \/>\n<meta name=\"twitter:creator\" content=\"@jovenesneomx\" \/>\n<meta name=\"twitter:site\" content=\"@jovenesneomx\" \/>\n<meta name=\"twitter:label1\" content=\"Escrito por\" \/>\n\t<meta name=\"twitter:data1\" content=\"Alianza_Neo\" \/>\n\t<meta name=\"twitter:label2\" content=\"Tiempo de lectura\" \/>\n\t<meta name=\"twitter:data2\" content=\"4 minutos\" \/>\n<script type=\"application\/ld+json\" class=\"yoast-schema-graph\">{\"@context\":\"https:\/\/schema.org\",\"@graph\":[{\"@type\":\"WebPage\",\"@id\":\"https:\/\/alianzaneo.org\/noticias\/talento-digital-la-apuesta-para-la-nueva-empleabilidad\/\",\"url\":\"https:\/\/alianzaneo.org\/noticias\/talento-digital-la-apuesta-para-la-nueva-empleabilidad\/\",\"name\":\"Talento Digital:\u00a0 la apuesta para la nueva empleabilidad. - Alianza Neo\",\"isPartOf\":{\"@id\":\"http:\/\/alianzaneo.org\/noticias\/#website\"},\"datePublished\":\"2022-06-16T00:24:23+00:00\",\"dateModified\":\"2022-06-16T16:05:26+00:00\",\"author\":{\"@id\":\"http:\/\/alianzaneo.org\/noticias\/#\/schema\/person\/be37471be0e7999cafb28e2e87b81f50\"},\"breadcrumb\":{\"@id\":\"https:\/\/alianzaneo.org\/noticias\/talento-digital-la-apuesta-para-la-nueva-empleabilidad\/#breadcrumb\"},\"inLanguage\":\"es\",\"potentialAction\":[{\"@type\":\"ReadAction\",\"target\":[\"https:\/\/alianzaneo.org\/noticias\/talento-digital-la-apuesta-para-la-nueva-empleabilidad\/\"]}]},{\"@type\":\"BreadcrumbList\",\"@id\":\"https:\/\/alianzaneo.org\/noticias\/talento-digital-la-apuesta-para-la-nueva-empleabilidad\/#breadcrumb\",\"itemListElement\":[{\"@type\":\"ListItem\",\"position\":1,\"name\":\"Portada\",\"item\":\"http:\/\/alianzaneo.org\/noticias\/\"},{\"@type\":\"ListItem\",\"position\":2,\"name\":\"Talento Digital:\u00a0 la apuesta para la nueva empleabilidad.\"}]},{\"@type\":\"WebSite\",\"@id\":\"http:\/\/alianzaneo.org\/noticias\/#website\",\"url\":\"http:\/\/alianzaneo.org\/noticias\/\",\"name\":\"Alianza Neo\",\"description\":\"Noticias\",\"potentialAction\":[{\"@type\":\"SearchAction\",\"target\":{\"@type\":\"EntryPoint\",\"urlTemplate\":\"http:\/\/alianzaneo.org\/noticias\/?s={search_term_string}\"},\"query-input\":\"required name=search_term_string\"}],\"inLanguage\":\"es\"},{\"@type\":\"Person\",\"@id\":\"http:\/\/alianzaneo.org\/noticias\/#\/schema\/person\/be37471be0e7999cafb28e2e87b81f50\",\"name\":\"Alianza_Neo\",\"image\":{\"@type\":\"ImageObject\",\"inLanguage\":\"es\",\"@id\":\"http:\/\/alianzaneo.org\/noticias\/#\/schema\/person\/image\/\",\"url\":\"https:\/\/secure.gravatar.com\/avatar\/77801b194dbcac9da740e82afc34f2f3062e912d1e43cc819feb48d5a6661d79?s=96&d=mm&r=g\",\"contentUrl\":\"https:\/\/secure.gravatar.com\/avatar\/77801b194dbcac9da740e82afc34f2f3062e912d1e43cc819feb48d5a6661d79?s=96&d=mm&r=g\",\"caption\":\"Alianza_Neo\"},\"sameAs\":[\"http:\/\/alianzaneo.org\/noticias\"],\"url\":\"https:\/\/alianzaneo.org\/noticias\/author\/alianza_neo\/\"}]}<\/script>\n<!-- \/ Yoast SEO plugin. -->","yoast_head_json":{"title":"Talento Digital:\u00a0 la apuesta para la nueva empleabilidad. - Alianza Neo","robots":{"index":"index","follow":"follow","max-snippet":"max-snippet:-1","max-image-preview":"max-image-preview:large","max-video-preview":"max-video-preview:-1"},"canonical":"https:\/\/alianzaneo.org\/noticias\/talento-digital-la-apuesta-para-la-nueva-empleabilidad\/","og_locale":"es_ES","og_type":"article","og_title":"Talento Digital:\u00a0 la apuesta para la nueva empleabilidad. - Alianza Neo","og_description":"El talento digital est\u00e1 relacionado con aquellas personas, ya sean nativas digitales o no, y que cuentan con los conocimientos suficientes para utilizar diversas herramientas tecnol\u00f3gicas. Este t\u00e9rmino se asocia normalmente a personas con altos conocimientos en programaci\u00f3n o tecnolog\u00eda, pero no necesariamente debe o es as\u00ed.&nbsp; Cualquiera de nosotros puede desarrollar su talento digital. [&hellip;]","og_url":"https:\/\/alianzaneo.org\/noticias\/talento-digital-la-apuesta-para-la-nueva-empleabilidad\/","og_site_name":"Alianza Neo","article_publisher":"https:\/\/www.facebook.com\/jovenesNEO","article_published_time":"2022-06-16T00:24:23+00:00","article_modified_time":"2022-06-16T16:05:26+00:00","og_image":[{"width":1040,"height":686,"url":"https:\/\/alianzaneo.org\/noticias\/wp-content\/uploads\/2022\/06\/talento-digital.jpeg","type":"image\/jpeg"}],"author":"Alianza_Neo","twitter_card":"summary_large_image","twitter_creator":"@jovenesneomx","twitter_site":"@jovenesneomx","twitter_misc":{"Escrito por":"Alianza_Neo","Tiempo de lectura":"4 minutos"},"schema":{"@context":"https:\/\/schema.org","@graph":[{"@type":"WebPage","@id":"https:\/\/alianzaneo.org\/noticias\/talento-digital-la-apuesta-para-la-nueva-empleabilidad\/","url":"https:\/\/alianzaneo.org\/noticias\/talento-digital-la-apuesta-para-la-nueva-empleabilidad\/","name":"Talento Digital:\u00a0 la apuesta para la nueva empleabilidad. - Alianza Neo","isPartOf":{"@id":"http:\/\/alianzaneo.org\/noticias\/#website"},"datePublished":"2022-06-16T00:24:23+00:00","dateModified":"2022-06-16T16:05:26+00:00","author":{"@id":"http:\/\/alianzaneo.org\/noticias\/#\/schema\/person\/be37471be0e7999cafb28e2e87b81f50"},"breadcrumb":{"@id":"https:\/\/alianzaneo.org\/noticias\/talento-digital-la-apuesta-para-la-nueva-empleabilidad\/#breadcrumb"},"inLanguage":"es","potentialAction":[{"@type":"ReadAction","target":["https:\/\/alianzaneo.org\/noticias\/talento-digital-la-apuesta-para-la-nueva-empleabilidad\/"]}]},{"@type":"BreadcrumbList","@id":"https:\/\/alianzaneo.org\/noticias\/talento-digital-la-apuesta-para-la-nueva-empleabilidad\/#breadcrumb","itemListElement":[{"@type":"ListItem","position":1,"name":"Portada","item":"http:\/\/alianzaneo.org\/noticias\/"},{"@type":"ListItem","position":2,"name":"Talento Digital:\u00a0 la apuesta para la nueva empleabilidad."}]},{"@type":"WebSite","@id":"http:\/\/alianzaneo.org\/noticias\/#website","url":"http:\/\/alianzaneo.org\/noticias\/","name":"Alianza Neo","description":"Noticias","potentialAction":[{"@type":"SearchAction","target":{"@type":"EntryPoint","urlTemplate":"http:\/\/alianzaneo.org\/noticias\/?s={search_term_string}"},"query-input":"required name=search_term_string"}],"inLanguage":"es"},{"@type":"Person","@id":"http:\/\/alianzaneo.org\/noticias\/#\/schema\/person\/be37471be0e7999cafb28e2e87b81f50","name":"Alianza_Neo","image":{"@type":"ImageObject","inLanguage":"es","@id":"http:\/\/alianzaneo.org\/noticias\/#\/schema\/person\/image\/","url":"https:\/\/secure.gravatar.com\/avatar\/77801b194dbcac9da740e82afc34f2f3062e912d1e43cc819feb48d5a6661d79?s=96&d=mm&r=g","contentUrl":"https:\/\/secure.gravatar.com\/avatar\/77801b194dbcac9da740e82afc34f2f3062e912d1e43cc819feb48d5a6661d79?s=96&d=mm&r=g","caption":"Alianza_Neo"},"sameAs":["http:\/\/alianzaneo.org\/noticias"],"url":"https:\/\/alianzaneo.org\/noticias\/author\/alianza_neo\/"}]}},"featured_image_url":"https:\/\/alianzaneo.org\/noticias\/wp-content\/uploads\/2022\/06\/talento-digital.jpeg","_links":{"self":[{"href":"https:\/\/alianzaneo.org\/noticias\/wp-json\/wp\/v2\/posts\/75","targetHints":{"allow":["GET"]}}],"collection":[{"href":"https:\/\/alianzaneo.org\/noticias\/wp-json\/wp\/v2\/posts"}],"about":[{"href":"https:\/\/alianzaneo.org\/noticias\/wp-json\/wp\/v2\/types\/post"}],"author":[{"embeddable":true,"href":"https:\/\/alianzaneo.org\/noticias\/wp-json\/wp\/v2\/users\/1"}],"replies":[{"embeddable":true,"href":"https:\/\/alianzaneo.org\/noticias\/wp-json\/wp\/v2\/comments?post=75"}],"version-history":[{"count":3,"href":"https:\/\/alianzaneo.org\/noticias\/wp-json\/wp\/v2\/posts\/75\/revisions"}],"predecessor-version":[{"id":81,"href":"https:\/\/alianzaneo.org\/noticias\/wp-json\/wp\/v2\/posts\/75\/revisions\/81"}],"wp:featuredmedia":[{"embeddable":true,"href":"https:\/\/alianzaneo.org\/noticias\/wp-json\/wp\/v2\/media\/76"}],"wp:attachment":[{"href":"https:\/\/alianzaneo.org\/noticias\/wp-json\/wp\/v2\/media?parent=75"}],"wp:term":[{"taxonomy":"category","embeddable":true,"href":"https:\/\/alianzaneo.org\/noticias\/wp-json\/wp\/v2\/categories?post=75"},{"taxonomy":"post_tag","embeddable":true,"href":"https:\/\/alianzaneo.org\/noticias\/wp-json\/wp\/v2\/tags?post=75"}],"curies":[{"name":"wp","href":"https:\/\/api.w.org\/{rel}","templated":true}]}}