{"id":170,"date":"2023-05-08T18:54:54","date_gmt":"2023-05-08T18:54:54","guid":{"rendered":"https:\/\/alianzaneo.org\/noticias\/?p=170"},"modified":"2023-05-08T21:24:02","modified_gmt":"2023-05-08T21:24:02","slug":"empleabilidad-juvenil-uno-de-los-grandes-retos-en-nuevo-leon","status":"publish","type":"post","link":"https:\/\/alianzaneo.org\/noticias\/empleabilidad-juvenil-uno-de-los-grandes-retos-en-nuevo-leon\/","title":{"rendered":"Empleabilidad juvenil: Uno de los grandes retos en Nuevo Le\u00f3n"},"content":{"rendered":"\n<p>Uno de los problemas m\u00e1s fuertes en el Estado de Nuevo Le\u00f3n es el bajo nivel de inserci\u00f3n al mercado laboral formal, as\u00ed como riesgos de permanencia y precariedad salarial. Y son los j\u00f3venes de 15 a 29 a\u00f1os los m\u00e1s afectados, principalmente aquellos que se enfrentan a barreras para ejercer su derecho al trabajo digno por desventajas acumuladas desde el seno familiar y el contexto en el que viven.<\/p>\n\n\n\n<p>De acuerdo con el estudio&nbsp;<a href=\"https:\/\/doi.org\/10.18381\/eq.v14i2.7102\" rel=\"noreferrer noopener\" target=\"_blank\">\u201cEl entorno de pobreza y la condici\u00f3n de inactividad en los j\u00f3venes del \u00e1rea metropolitana de Monterrey\u201d<\/a>&nbsp;realizado por el Dr. Ernesto Aguayo T. y la Dra. Gloria Mancha T. en 2019, se demostr\u00f3 que el entorno es importante para determinar el desarrollo de los individuos. Un ejemplo claro de esto es el contagio espacial, el cual nos muestra que, si una zona tiene alto porcentaje de j\u00f3venes oportunidad aumenta la posibilidad de que las zonas aleda\u00f1as incrementen considerablemente dicha poblaci\u00f3n. Por lo cual, es importante trabajar principalmente en zonas en condiciones desfavorables de pobreza y rezago social para brindar mejores oportunidades a los j\u00f3venes y as\u00ed tener efectos positivos en zonas cercanas.<\/p>\n\n\n\n<p>Durante el \u00faltimo a\u00f1o, la poblaci\u00f3n en Nuevo Le\u00f3n ha tenido una reducci\u00f3n en el porcentaje de personas desocupadas por rango de edad, a excepci\u00f3n de la poblaci\u00f3n joven, quienes han mostrado un aumento en el porcentaje de desocupaci\u00f3n. Siendo los j\u00f3venes de 20 a 24 a\u00f1os los m\u00e1s afectados, con un aumento de 5.20 puntos porcentuales del \u00faltimo trimestre del 2021 al \u00faltimo trimestre del 2022.<\/p>\n\n\n\n<p>En los \u00faltimos a\u00f1os se ha observado que la tasa m\u00e1s alta de abandono escolar se presenta a nivel medio superior. En promedio, la poblaci\u00f3n abandona sus estudios en el primer a\u00f1o de esta etapa educativa.<\/p>\n\n\n\n<p>Tomando en cuenta la poblaci\u00f3n joven que se encuentra en b\u00fasqueda activa de empleo sin lograr insertarse en un trabajo, en Nuevo Le\u00f3n, m\u00e1s de la mitad han cursado hasta secundaria completa, mientras que 6% tienen concluida una educaci\u00f3n menor a esta.<br><br>Esto quiere&nbsp;decir que, 60% de las y los j\u00f3venes desocupados, cuentan con rezago educativo de alto impacto&nbsp;lo que&nbsp;incide en estados de inactividad prolongada, por lo que estos j\u00f3venes se ubican fuera de la escuela, pero tambi\u00e9n fuera del mercado laboral.<\/p>\n\n\n\n<p>Por otro lado, a pesar de que en el \u00faltimo a\u00f1o hubo un peque\u00f1o aumentado en el n\u00famero de j\u00f3venes que se logran incorporar en el mercado laboral, el 36% se ha visto obligado a laborar en la econom\u00eda informal, en precarias condiciones laborales, sin los derechos y beneficios que prev\u00e9 la ley, siendo los m\u00e1s afectados los j\u00f3venes de 20 a 24 a\u00f1os.<\/p>\n\n\n\n<p>Debido a que se encuentran en la informalidad, el 41% de estos j\u00f3venes se encuentra percibiendo ingresos salariales precarios, en donde se ve afectada la econom\u00eda del hogar ya que no pueden sustentar sus necesidades b\u00e1sicas.<\/p>\n\n\n\n<p class=\"has-text-align-center\"><img loading=\"lazy\" decoding=\"async\" alt=\"\" height=\"391\" src=\"https:\/\/alianzaneo.org\/noticias\/wp-content\/uploads\/2023\/05\/alianza-neo-operador-5ta-rueda-176-1024x683.jpg\" srcset=\"https:\/\/alianzaneo.org\/noticias\/wp-content\/uploads\/2023\/05\/alianza-neo-operador-5ta-rueda-176-1024x683.jpg 1024w, https:\/\/alianzaneo.org\/noticias\/wp-content\/uploads\/2023\/05\/alianza-neo-operador-5ta-rueda-176-300x200.jpg 300w, https:\/\/alianzaneo.org\/noticias\/wp-content\/uploads\/2023\/05\/alianza-neo-operador-5ta-rueda-176-768x512.jpg 768w, https:\/\/alianzaneo.org\/noticias\/wp-content\/uploads\/2023\/05\/alianza-neo-operador-5ta-rueda-176-1536x1024.jpg 1536w, https:\/\/alianzaneo.org\/noticias\/wp-content\/uploads\/2023\/05\/alianza-neo-operador-5ta-rueda-176-2048x1365.jpg 2048w\" width=\"588\"><br><br>Tomando en cuenta otro escenario de los j\u00f3venes en Nuevo Le\u00f3n, hay casi 31 mil j\u00f3venes que no estudian y, entre los principales motivos por los cuales no se encuentran activos en la b\u00fasqueda de empleo es que no cuentan con las oportunidades econ\u00f3micas necesarias para continuar con sus estudios,&nbsp;capacitarse en habilidades t\u00e9cnicas requeridas por los empleadores o bien, no cuentan con la motivaci\u00f3n para trazar y seguir un plan de vida por considerar que no tienen las habilidades necesarias para desarrollarse tanto personal como laboralmente.<br><br>Adem\u00e1s, a\u00fan existe la precepci\u00f3n de que la mujer debe permanecer en casa para apoyar en los quehaceres y tareas del hogar por lo cual el n\u00famero de mujeres inactivas en la b\u00fasqueda de empleo es 1.4 veces mayor al de los hombres.<\/p>\n\n\n\n<p>Otro punto importante a considerar es la pandemia por COVID-19, ya que una de las consecuencias fue el efecto negativo que tuvo en la econom\u00eda, siendo la poblaci\u00f3n joven la m\u00e1s afectada debido a que las empresas se vieron en la necesidad de cerrar o reducir tanto los ingresos como el personal y daban mayor valor a las personas con m\u00e1s antig\u00fcedad dentro de la empresa o bien, aquellos que estuvieron m\u00e1s capacitados en las habilidades requeridas por el puesto.<\/p>\n\n\n\n<p>Para cerrar la brecha de informaci\u00f3n que tienen los j\u00f3venes sobre los servicios de formaci\u00f3n, empleo, mercado de trabajo y servicios sociales hemos sido innovadores en el desarrollo de modelos que contemplan una atenci\u00f3n integral al joven, utilizando recursos existentes, pero haci\u00e9ndolos m\u00e1s efectivos y eficientes.<\/p>\n\n\n\n<p>Contar con pol\u00edticas p\u00fablicas adecuadas y el continuo trabajo de las organizaciones de sociedad civil enfocadas en capacitaci\u00f3n y empleabilidad contribuye a mejorar la situaci\u00f3n de pobreza y precariedad laboral, principalmente en j\u00f3venes, ya que, si no logran colocarse en un empleo formal en esta etapa de su vida, dif\u00edcilmente lo lograr\u00e1n a una edad mayor.<\/p>\n\n\n\n<p>Es importante continuar trabajando en alianza para buscar el bienestar de la juventud en Nuevo Le\u00f3n, mejorando sus habilidades y aptitudes para que puedan incorporarse al mercado laboral formal bajo condiciones que les permitan cubrir m\u00e1s all\u00e1 de sus necesidades b\u00e1sicas.<\/p>\n\n\n\n<p><a href=\"https:\/\/alianzaneo.org\/quienes-somos\" target=\"_blank\" rel=\"noreferrer noopener\">N<\/a><a href=\"http:\/\/\" target=\"_blank\" rel=\"noreferrer noopener\">uestra intervenci\u00f3n<\/a>&nbsp;contribuye con la mejora de las condiciones laborales de los j\u00f3venes al eliminar o disminuir las principales barreras a las cu\u00e1les se enfrentan al tratar de ingresar, reinsertarse o tener oportunidades de movilidad laboral en el mercado formal con un impacto a mediano-largo plazo.<br><br>Asimismo, incide en el incremento de sus ingresos, as\u00ed como en la reducci\u00f3n de las brechas de desigualdad y vulnerabilidad social en su entorno, con el fortalecimiento de habilidades sociales, emocionales, de liderazgo y capacidades t\u00e9cnicas.<br><br>El joven no s\u00f3lo contar\u00e1 con informaci\u00f3n sobre sus derechos y obligaciones laborales sino que, de la misma manera, desarrollar\u00e1 habilidades para la vida que le permitir\u00e1n enfrentarse y sortear las dificultades en el ambiente laboral y tomar decisiones oportunas, adem\u00e1s del fortalecimiento de capacidades t\u00e9cnicas que le permitir\u00e1n romper las principales barreras de acceso a empleos de calidad al brindarle un diploma que avala ante el empleador los conocimientos y competencias cognitivas desarrolladas que le permitan ejercer sus funciones y responsabilidades.<\/p>\n\n\n\n<hr class=\"wp-block-separator has-alpha-channel-opacity\"\/>\n\n\n<div class=\"wp-block-image\">\n<figure class=\"aligncenter size-large is-resized\"><img loading=\"lazy\" decoding=\"async\" src=\"https:\/\/alianzaneo.org\/noticias\/wp-content\/uploads\/2023\/05\/alianza-neo-317-1-1024x683.jpg\" alt=\"\" class=\"wp-image-175\" width=\"348\" height=\"232\" srcset=\"https:\/\/alianzaneo.org\/noticias\/wp-content\/uploads\/2023\/05\/alianza-neo-317-1-1024x683.jpg 1024w, https:\/\/alianzaneo.org\/noticias\/wp-content\/uploads\/2023\/05\/alianza-neo-317-1-300x200.jpg 300w, https:\/\/alianzaneo.org\/noticias\/wp-content\/uploads\/2023\/05\/alianza-neo-317-1-768x512.jpg 768w, https:\/\/alianzaneo.org\/noticias\/wp-content\/uploads\/2023\/05\/alianza-neo-317-1-1536x1024.jpg 1536w, https:\/\/alianzaneo.org\/noticias\/wp-content\/uploads\/2023\/05\/alianza-neo-317-1-2048x1365.jpg 2048w\" sizes=\"auto, (max-width: 348px) 100vw, 348px\" \/><\/figure>\n<\/div>\n\n\n<p><em><strong>Daniela Flores Renter\u00eda \u2013 Responsable de Monitoreo y Evaluaci\u00f3n en Alianza NEO M\u00e9xico<\/strong><\/em><\/p>\n\n\n\n<p>Daniela Flores Renter\u00eda. Actualmente colabora como Responsable de Monitoreo y Evaluaci\u00f3n en Alianza NEO M\u00e9xico. Es Licenciada en Actuar\u00eda tiene amplia experiencia&nbsp; en el an\u00e1lisis de datos sobre empleabilidad juvenil y monitoreo y evaluaci\u00f3n de organizaciones sociales.<\/p>\n","protected":false},"excerpt":{"rendered":"<p>Uno de los problemas m\u00e1s fuertes en el Estado de Nuevo Le\u00f3n es el bajo nivel de inserci\u00f3n al mercado laboral formal, as\u00ed como riesgos de permanencia y precariedad salarial. Y son los j\u00f3venes de 15 a 29 a\u00f1os los m\u00e1s afectados, principalmente aquellos que se enfrentan a barreras para ejercer su derecho al trabajo [&hellip;]<\/p>\n","protected":false},"author":1,"featured_media":171,"comment_status":"open","ping_status":"open","sticky":true,"template":"","format":"standard","meta":{"footnotes":""},"categories":[9],"tags":[],"class_list":["post-170","post","type-post","status-publish","format-standard","has-post-thumbnail","hentry","category-empleo-digno"],"yoast_head":"<!-- This site is optimized with the Yoast SEO plugin v20.6 - https:\/\/yoast.com\/wordpress\/plugins\/seo\/ -->\n<title>Empleabilidad juvenil: Uno de los grandes retos en Nuevo Le\u00f3n - Alianza Neo<\/title>\n<meta name=\"robots\" content=\"index, follow, max-snippet:-1, max-image-preview:large, max-video-preview:-1\" \/>\n<link rel=\"canonical\" href=\"https:\/\/alianzaneo.org\/noticias\/empleabilidad-juvenil-uno-de-los-grandes-retos-en-nuevo-leon\/\" \/>\n<meta property=\"og:locale\" content=\"es_ES\" \/>\n<meta property=\"og:type\" content=\"article\" \/>\n<meta property=\"og:title\" content=\"Empleabilidad juvenil: Uno de los grandes retos en Nuevo Le\u00f3n - Alianza Neo\" \/>\n<meta property=\"og:description\" content=\"Uno de los problemas m\u00e1s fuertes en el Estado de Nuevo Le\u00f3n es el bajo nivel de inserci\u00f3n al mercado laboral formal, as\u00ed como riesgos de permanencia y precariedad salarial. Y son los j\u00f3venes de 15 a 29 a\u00f1os los m\u00e1s afectados, principalmente aquellos que se enfrentan a barreras para ejercer su derecho al trabajo [&hellip;]\" \/>\n<meta property=\"og:url\" content=\"https:\/\/alianzaneo.org\/noticias\/empleabilidad-juvenil-uno-de-los-grandes-retos-en-nuevo-leon\/\" \/>\n<meta property=\"og:site_name\" content=\"Alianza Neo\" \/>\n<meta property=\"article:publisher\" content=\"https:\/\/www.facebook.com\/jovenesNEO\" \/>\n<meta property=\"article:published_time\" content=\"2023-05-08T18:54:54+00:00\" \/>\n<meta property=\"article:modified_time\" content=\"2023-05-08T21:24:02+00:00\" \/>\n<meta property=\"og:image\" content=\"https:\/\/alianzaneo.org\/noticias\/wp-content\/uploads\/2023\/05\/image-5.png\" \/>\n\t<meta property=\"og:image:width\" content=\"1080\" \/>\n\t<meta property=\"og:image:height\" content=\"1080\" \/>\n\t<meta property=\"og:image:type\" content=\"image\/png\" \/>\n<meta name=\"author\" content=\"Alianza_Neo\" \/>\n<meta name=\"twitter:card\" content=\"summary_large_image\" \/>\n<meta name=\"twitter:creator\" content=\"@jovenesneomx\" \/>\n<meta name=\"twitter:site\" content=\"@jovenesneomx\" \/>\n<meta name=\"twitter:label1\" content=\"Escrito por\" \/>\n\t<meta name=\"twitter:data1\" content=\"Alianza_Neo\" \/>\n\t<meta name=\"twitter:label2\" content=\"Tiempo de lectura\" \/>\n\t<meta name=\"twitter:data2\" content=\"6 minutos\" \/>\n<script type=\"application\/ld+json\" class=\"yoast-schema-graph\">{\"@context\":\"https:\/\/schema.org\",\"@graph\":[{\"@type\":\"WebPage\",\"@id\":\"https:\/\/alianzaneo.org\/noticias\/empleabilidad-juvenil-uno-de-los-grandes-retos-en-nuevo-leon\/\",\"url\":\"https:\/\/alianzaneo.org\/noticias\/empleabilidad-juvenil-uno-de-los-grandes-retos-en-nuevo-leon\/\",\"name\":\"Empleabilidad juvenil: Uno de los grandes retos en Nuevo Le\u00f3n - Alianza Neo\",\"isPartOf\":{\"@id\":\"http:\/\/alianzaneo.org\/noticias\/#website\"},\"datePublished\":\"2023-05-08T18:54:54+00:00\",\"dateModified\":\"2023-05-08T21:24:02+00:00\",\"author\":{\"@id\":\"http:\/\/alianzaneo.org\/noticias\/#\/schema\/person\/be37471be0e7999cafb28e2e87b81f50\"},\"breadcrumb\":{\"@id\":\"https:\/\/alianzaneo.org\/noticias\/empleabilidad-juvenil-uno-de-los-grandes-retos-en-nuevo-leon\/#breadcrumb\"},\"inLanguage\":\"es\",\"potentialAction\":[{\"@type\":\"ReadAction\",\"target\":[\"https:\/\/alianzaneo.org\/noticias\/empleabilidad-juvenil-uno-de-los-grandes-retos-en-nuevo-leon\/\"]}]},{\"@type\":\"BreadcrumbList\",\"@id\":\"https:\/\/alianzaneo.org\/noticias\/empleabilidad-juvenil-uno-de-los-grandes-retos-en-nuevo-leon\/#breadcrumb\",\"itemListElement\":[{\"@type\":\"ListItem\",\"position\":1,\"name\":\"Portada\",\"item\":\"http:\/\/alianzaneo.org\/noticias\/\"},{\"@type\":\"ListItem\",\"position\":2,\"name\":\"Empleabilidad juvenil: Uno de los grandes retos en Nuevo Le\u00f3n\"}]},{\"@type\":\"WebSite\",\"@id\":\"http:\/\/alianzaneo.org\/noticias\/#website\",\"url\":\"http:\/\/alianzaneo.org\/noticias\/\",\"name\":\"Alianza Neo\",\"description\":\"Noticias\",\"potentialAction\":[{\"@type\":\"SearchAction\",\"target\":{\"@type\":\"EntryPoint\",\"urlTemplate\":\"http:\/\/alianzaneo.org\/noticias\/?s={search_term_string}\"},\"query-input\":\"required name=search_term_string\"}],\"inLanguage\":\"es\"},{\"@type\":\"Person\",\"@id\":\"http:\/\/alianzaneo.org\/noticias\/#\/schema\/person\/be37471be0e7999cafb28e2e87b81f50\",\"name\":\"Alianza_Neo\",\"image\":{\"@type\":\"ImageObject\",\"inLanguage\":\"es\",\"@id\":\"http:\/\/alianzaneo.org\/noticias\/#\/schema\/person\/image\/\",\"url\":\"https:\/\/secure.gravatar.com\/avatar\/77801b194dbcac9da740e82afc34f2f3062e912d1e43cc819feb48d5a6661d79?s=96&d=mm&r=g\",\"contentUrl\":\"https:\/\/secure.gravatar.com\/avatar\/77801b194dbcac9da740e82afc34f2f3062e912d1e43cc819feb48d5a6661d79?s=96&d=mm&r=g\",\"caption\":\"Alianza_Neo\"},\"sameAs\":[\"http:\/\/alianzaneo.org\/noticias\"],\"url\":\"https:\/\/alianzaneo.org\/noticias\/author\/alianza_neo\/\"}]}<\/script>\n<!-- \/ Yoast SEO plugin. -->","yoast_head_json":{"title":"Empleabilidad juvenil: Uno de los grandes retos en Nuevo Le\u00f3n - Alianza Neo","robots":{"index":"index","follow":"follow","max-snippet":"max-snippet:-1","max-image-preview":"max-image-preview:large","max-video-preview":"max-video-preview:-1"},"canonical":"https:\/\/alianzaneo.org\/noticias\/empleabilidad-juvenil-uno-de-los-grandes-retos-en-nuevo-leon\/","og_locale":"es_ES","og_type":"article","og_title":"Empleabilidad juvenil: Uno de los grandes retos en Nuevo Le\u00f3n - Alianza Neo","og_description":"Uno de los problemas m\u00e1s fuertes en el Estado de Nuevo Le\u00f3n es el bajo nivel de inserci\u00f3n al mercado laboral formal, as\u00ed como riesgos de permanencia y precariedad salarial. Y son los j\u00f3venes de 15 a 29 a\u00f1os los m\u00e1s afectados, principalmente aquellos que se enfrentan a barreras para ejercer su derecho al trabajo [&hellip;]","og_url":"https:\/\/alianzaneo.org\/noticias\/empleabilidad-juvenil-uno-de-los-grandes-retos-en-nuevo-leon\/","og_site_name":"Alianza Neo","article_publisher":"https:\/\/www.facebook.com\/jovenesNEO","article_published_time":"2023-05-08T18:54:54+00:00","article_modified_time":"2023-05-08T21:24:02+00:00","og_image":[{"width":1080,"height":1080,"url":"https:\/\/alianzaneo.org\/noticias\/wp-content\/uploads\/2023\/05\/image-5.png","type":"image\/png"}],"author":"Alianza_Neo","twitter_card":"summary_large_image","twitter_creator":"@jovenesneomx","twitter_site":"@jovenesneomx","twitter_misc":{"Escrito por":"Alianza_Neo","Tiempo de lectura":"6 minutos"},"schema":{"@context":"https:\/\/schema.org","@graph":[{"@type":"WebPage","@id":"https:\/\/alianzaneo.org\/noticias\/empleabilidad-juvenil-uno-de-los-grandes-retos-en-nuevo-leon\/","url":"https:\/\/alianzaneo.org\/noticias\/empleabilidad-juvenil-uno-de-los-grandes-retos-en-nuevo-leon\/","name":"Empleabilidad juvenil: Uno de los grandes retos en Nuevo Le\u00f3n - Alianza Neo","isPartOf":{"@id":"http:\/\/alianzaneo.org\/noticias\/#website"},"datePublished":"2023-05-08T18:54:54+00:00","dateModified":"2023-05-08T21:24:02+00:00","author":{"@id":"http:\/\/alianzaneo.org\/noticias\/#\/schema\/person\/be37471be0e7999cafb28e2e87b81f50"},"breadcrumb":{"@id":"https:\/\/alianzaneo.org\/noticias\/empleabilidad-juvenil-uno-de-los-grandes-retos-en-nuevo-leon\/#breadcrumb"},"inLanguage":"es","potentialAction":[{"@type":"ReadAction","target":["https:\/\/alianzaneo.org\/noticias\/empleabilidad-juvenil-uno-de-los-grandes-retos-en-nuevo-leon\/"]}]},{"@type":"BreadcrumbList","@id":"https:\/\/alianzaneo.org\/noticias\/empleabilidad-juvenil-uno-de-los-grandes-retos-en-nuevo-leon\/#breadcrumb","itemListElement":[{"@type":"ListItem","position":1,"name":"Portada","item":"http:\/\/alianzaneo.org\/noticias\/"},{"@type":"ListItem","position":2,"name":"Empleabilidad juvenil: Uno de los grandes retos en Nuevo Le\u00f3n"}]},{"@type":"WebSite","@id":"http:\/\/alianzaneo.org\/noticias\/#website","url":"http:\/\/alianzaneo.org\/noticias\/","name":"Alianza Neo","description":"Noticias","potentialAction":[{"@type":"SearchAction","target":{"@type":"EntryPoint","urlTemplate":"http:\/\/alianzaneo.org\/noticias\/?s={search_term_string}"},"query-input":"required name=search_term_string"}],"inLanguage":"es"},{"@type":"Person","@id":"http:\/\/alianzaneo.org\/noticias\/#\/schema\/person\/be37471be0e7999cafb28e2e87b81f50","name":"Alianza_Neo","image":{"@type":"ImageObject","inLanguage":"es","@id":"http:\/\/alianzaneo.org\/noticias\/#\/schema\/person\/image\/","url":"https:\/\/secure.gravatar.com\/avatar\/77801b194dbcac9da740e82afc34f2f3062e912d1e43cc819feb48d5a6661d79?s=96&d=mm&r=g","contentUrl":"https:\/\/secure.gravatar.com\/avatar\/77801b194dbcac9da740e82afc34f2f3062e912d1e43cc819feb48d5a6661d79?s=96&d=mm&r=g","caption":"Alianza_Neo"},"sameAs":["http:\/\/alianzaneo.org\/noticias"],"url":"https:\/\/alianzaneo.org\/noticias\/author\/alianza_neo\/"}]}},"featured_image_url":"https:\/\/alianzaneo.org\/noticias\/wp-content\/uploads\/2023\/05\/image-5.png","_links":{"self":[{"href":"https:\/\/alianzaneo.org\/noticias\/wp-json\/wp\/v2\/posts\/170","targetHints":{"allow":["GET"]}}],"collection":[{"href":"https:\/\/alianzaneo.org\/noticias\/wp-json\/wp\/v2\/posts"}],"about":[{"href":"https:\/\/alianzaneo.org\/noticias\/wp-json\/wp\/v2\/types\/post"}],"author":[{"embeddable":true,"href":"https:\/\/alianzaneo.org\/noticias\/wp-json\/wp\/v2\/users\/1"}],"replies":[{"embeddable":true,"href":"https:\/\/alianzaneo.org\/noticias\/wp-json\/wp\/v2\/comments?post=170"}],"version-history":[{"count":6,"href":"https:\/\/alianzaneo.org\/noticias\/wp-json\/wp\/v2\/posts\/170\/revisions"}],"predecessor-version":[{"id":183,"href":"https:\/\/alianzaneo.org\/noticias\/wp-json\/wp\/v2\/posts\/170\/revisions\/183"}],"wp:featuredmedia":[{"embeddable":true,"href":"https:\/\/alianzaneo.org\/noticias\/wp-json\/wp\/v2\/media\/171"}],"wp:attachment":[{"href":"https:\/\/alianzaneo.org\/noticias\/wp-json\/wp\/v2\/media?parent=170"}],"wp:term":[{"taxonomy":"category","embeddable":true,"href":"https:\/\/alianzaneo.org\/noticias\/wp-json\/wp\/v2\/categories?post=170"},{"taxonomy":"post_tag","embeddable":true,"href":"https:\/\/alianzaneo.org\/noticias\/wp-json\/wp\/v2\/tags?post=170"}],"curies":[{"name":"wp","href":"https:\/\/api.w.org\/{rel}","templated":true}]}}