{"id":141,"date":"2023-02-17T18:31:48","date_gmt":"2023-02-17T18:31:48","guid":{"rendered":"https:\/\/alianzaneo.org\/noticias\/?p=141"},"modified":"2023-02-17T18:51:02","modified_gmt":"2023-02-17T18:51:02","slug":"discapacidad-intelectual-la-de-menos-oportunidades-laborales","status":"publish","type":"post","link":"https:\/\/alianzaneo.org\/noticias\/discapacidad-intelectual-la-de-menos-oportunidades-laborales\/","title":{"rendered":"Discapacidad intelectual: la de menos oportunidades laborales"},"content":{"rendered":"\n<p><\/p>\n\n\n\n<p class=\"has-medium-font-size\">Cuando encontramos vacantes de personas con discapacidad en las empresas que se animan a la <strong>inclusi\u00f3n laboral<\/strong>, generalmente se refieren a discapacidad motriz, visual o auditiva, porque son personas, que, a pesar de sus importantes limitantes, son capaces de terminar una carrera, incluso hasta una maestr\u00eda y poder desempe\u00f1ar un trabajo profesional dentro de una empresa.<\/p>\n\n\n\n<p>Pero las personas con discapacidad intelectual son un sector de la poblaci\u00f3n que causa incertidumbre en las empresas, porque lo que est\u00e1 comprometida es su capacidad de raciocinio, es entonces cuando los empleadores se preguntan <strong>\u00bfen qu\u00e9 la puedo emplear?, \u00bfqu\u00e9 puede hacer?, \u00bfc\u00f3mo me dirijo? \u00bfser\u00e1 capaz de entenderme?<\/strong> y nos enfrentamos a 2 situaciones principales: el miedo y la ignorancia sobre lo que las personas con discapacidad intelectual pueden llegar a hacer.<\/p>\n\n\n\n<p>La respuesta es muy simple, <strong>su pensamiento es concreto, pueden llevar a cabo actividades rutinarias de procesos muy definidos con mucho cuidado de detalles<\/strong>, son capaces de realizar actividades como revisi\u00f3n de materiales, empaque, etiquetado, organizaci\u00f3n y limpieza de mercanc\u00eda, preparaci\u00f3n de alimentos, pegado y engrapado, envoltura, son muy buenos auxiliares de cocina o asistentes de oficina (mensajer\u00eda, copias, captura).<\/p>\n\n\n\n<p>Concebir que un joven con s\u00edndrome de Down, pudiera acceder a un trabajo, antes era pr\u00e1cticamente impensable, pero hoy en d\u00eda <strong>gracias a organizaciones de la sociedad civil <\/strong>que promueven el proceso de inclusi\u00f3n con mecanismos de sensibilizaci\u00f3n y acompa\u00f1amiento permanente, es que es mucho m\u00e1s f\u00e1cil el proceso de inclusi\u00f3n laboral y las empresas se sienten apoyadas.<\/p>\n\n\n\n<figure class=\"wp-block-image size-large\"><img loading=\"lazy\" decoding=\"async\" width=\"1024\" height=\"664\" src=\"https:\/\/alianzaneo.org\/noticias\/wp-content\/uploads\/2023\/02\/blog1-1024x664.png\" alt=\"\" class=\"wp-image-142\" srcset=\"https:\/\/alianzaneo.org\/noticias\/wp-content\/uploads\/2023\/02\/blog1-1024x664.png 1024w, https:\/\/alianzaneo.org\/noticias\/wp-content\/uploads\/2023\/02\/blog1-300x195.png 300w, https:\/\/alianzaneo.org\/noticias\/wp-content\/uploads\/2023\/02\/blog1-768x498.png 768w, https:\/\/alianzaneo.org\/noticias\/wp-content\/uploads\/2023\/02\/blog1-1536x996.png 1536w, https:\/\/alianzaneo.org\/noticias\/wp-content\/uploads\/2023\/02\/blog1.png 1667w\" sizes=\"auto, (max-width: 1024px) 100vw, 1024px\" \/><\/figure>\n\n\n\n<blockquote class=\"wp-block-quote is-layout-flow wp-block-quote-is-layout-flow\">\n<p>En Comunidad Educativa Incluyente IAP tenemos 45 a\u00f1os de experiencia en acompa\u00f1ar a j\u00f3venes y empresas en la aventura de la inclusi\u00f3n.<\/p>\n<\/blockquote>\n\n\n\n<p>Hemos visto que <strong>uno de los errores que cometemos en la inclusi\u00f3n<\/strong>, es que en aras de buscar \u201cla igualdad\u201d, se les asignan las mismas metas de ventas, los mismos objetivos, las mismas reglas, las mismas responsabilidades que a las personas regulares, cuando las personas con discapacidad intelectual tienen dificultades para comprender, leer, escribir, poder tomar un transporte, poder contar el dinero, que tienen un ritmo m\u00e1s lento de aprender, que muchos dependen de otros para llegar a trabajar, por lo que estamos frente a desigualdad de condiciones.<\/p>\n\n\n\n<p class=\"has-medium-font-size\">Es por ello que no debemos hablar s\u00f3lo de igualdad, sino de <strong>equidad<\/strong>. Entendiendo por equidad, dar los apoyos o ajustes necesarios a quien realmente los necesita, no as\u00ed a quien no los requiere, por ejemplo, el uso de lentes, bast\u00f3n, aparatos auditivos, infograf\u00edas, im\u00e1genes, gu\u00eda, alarmas, listas, horarios etc.<\/p>\n\n\n\n<p>El t\u00e9rmino equidad en este sentido implica ayudar a la empresa y al empleado que ingresa a trabajar, a ajustarse, entenderse, a que, seg\u00fan sus muy particulares circunstancias y dificultades, puedan adaptarse ambos. Por lo que <strong>es de gran utilidad una figura intermedia, imparcial que los entienda a ambos y los gu\u00ede en el proceso de conocerse, desde la entrevista inicial, el reclutamiento, selecci\u00f3n, contrataci\u00f3n, inducci\u00f3n, capacitaci\u00f3n, desempe\u00f1o y evaluaci\u00f3n.<\/strong><\/p>\n\n\n\n<p>A esa figura intermedia en el proceso se le conoce como \u201cmonitor\u201d \u201cfacilitador\u201d o \u201ccoach laboral\u201d y tiene como funci\u00f3n acompa\u00f1ar y ser mediador en situaciones de ajuste empresa-empleado. En un acompa\u00f1amiento permanente, al principio muy de cerca y poco a poco irse alejando hasta que pr\u00e1cticamente no lo necesiten y s\u00f3lo haga visitas de supervisi\u00f3n.<\/p>\n\n\n\n<p>Bajo nuestra experiencia, <strong>sensibilizar a los empleados sobre la discapacidad<\/strong>, sus caracter\u00edsticas muy personales y la forma de tratarlos, tiene por objeto romper desde un inicio las barreras del miedo, molestia y paradigmas acerca de \u201cnos va a dar m\u00e1s trabajo, porque hay que estarlo cuidando\u201d. Y se <strong>abre la puerta a la empat\u00eda, tolerancia y comprensi\u00f3n de su discapacidad<\/strong>, pero eso s\u00ed, bajo un esquema de autonom\u00eda progresiva, que evite caer en el otro extremo de crear un ambiente excesivamente permisivo y de consentimiento.<\/p>\n\n\n\n<p>Cuando el grupo de trabajo no est\u00e1 sensibilizado, hemos visto que algunos empleados rechazan la idea de tener a un compa\u00f1ero \u201cdiferente\u201d, por lo tanto, exigen que se le trate igual o que sea reemplazado por alguien regular, porque no alcanza el nivel de productividad requerido, en especial en los casos en que no es tan notoria f\u00edsica e intelectualmente la discapacidad y que son funcionales.<\/p>\n\n\n\n<p>En contraparte, a quienes ya han probado incluir a personas con s\u00edndrome de Down, podr\u00e1n manifestar que realmente el clima laboral de la empresa se vuelve much\u00edsimo m\u00e1s emp\u00e1tico, tolerante, relajado y amigable que quienes tienen s\u00f3lo personas regulares porque generalmente el ambiente es competitivo apremiante y perfeccionista.<\/p>\n\n\n\n<p>En realidad, las personas con discapacidad intelectual no llegan a tener los salarios iguales que el resto de la gente, pero hemos identificado que al tener un trabajo se incrementa su seguridad, autoestima, adaptaci\u00f3n social y felicidad, por lo que invitamos a m\u00e1s empresas a que realmente los incluyan como un miembro m\u00e1s de su organizaci\u00f3n y comprueben cu\u00e1n serviciales y productivos pueden llegar a ser, am\u00e9n de los incentivos fiscales que tienen las empresas socialmente responsables que incluyen a personas con discapacidad.<\/p>\n\n\n\n<hr class=\"wp-block-separator has-alpha-channel-opacity\"\/>\n\n\n\n<p class=\"has-text-align-center\">La <strong>Mtra. Ma. Guadalupe Cabrera Hern\u00e1ndez<\/strong> es licenciada en Pedagog\u00eda Empresarial con Especialidad en Desarrollo Humano, Maestr\u00eda en Comunicaci\u00f3n Organizacional y Especialidad en Psicometr\u00eda integral por la Universidad Panamericana.<\/p>\n\n\n\n<p class=\"has-text-align-center\">Con m\u00e1s de 25 a\u00f1os de experiencia en capacitaci\u00f3n de personal y Desarrollo de programas de Management.<\/p>\n\n\n\n<p class=\"has-text-align-center\">Ha impartido innumerables cursos &nbsp;sobre c\u00f3mo formar hijos autodeterminados a padres de familia en diferentes organizaciones que trabajan con personas con discapacidad intelectual y autismo.<\/p>\n\n\n\n<p class=\"has-text-align-center\">Actualmente es coordinadora de vinculaci\u00f3n empresarial y del proceso de inclusi\u00f3n laboral de los j\u00f3venes que se capacitan en la Agencia de la Comunidad Educativa Incluyente IAP.<\/p>\n\n\n\n<p class=\"has-text-align-center\">Responsable de dar la sensibilizaci\u00f3n sobre discapacidad a las empresas que se inician en la inclusi\u00f3n.<\/p>\n","protected":false},"excerpt":{"rendered":"<p>Cuando encontramos vacantes de personas con discapacidad en las empresas que se animan a la inclusi\u00f3n laboral, generalmente se refieren a discapacidad motriz, visual o auditiva, porque son personas, que, a pesar de sus importantes limitantes, son capaces de terminar una carrera, incluso hasta una maestr\u00eda y poder desempe\u00f1ar un trabajo profesional dentro de una [&hellip;]<\/p>\n","protected":false},"author":1,"featured_media":155,"comment_status":"open","ping_status":"open","sticky":false,"template":"","format":"standard","meta":{"footnotes":""},"categories":[9],"tags":[],"class_list":["post-141","post","type-post","status-publish","format-standard","has-post-thumbnail","hentry","category-empleo-digno"],"yoast_head":"<!-- This site is optimized with the Yoast SEO plugin v20.6 - https:\/\/yoast.com\/wordpress\/plugins\/seo\/ -->\n<title>Discapacidad intelectual: la de menos oportunidades laborales - Alianza Neo<\/title>\n<meta name=\"robots\" content=\"index, follow, max-snippet:-1, max-image-preview:large, max-video-preview:-1\" \/>\n<link rel=\"canonical\" href=\"https:\/\/alianzaneo.org\/noticias\/discapacidad-intelectual-la-de-menos-oportunidades-laborales\/\" \/>\n<meta property=\"og:locale\" content=\"es_ES\" \/>\n<meta property=\"og:type\" content=\"article\" \/>\n<meta property=\"og:title\" content=\"Discapacidad intelectual: la de menos oportunidades laborales - Alianza Neo\" \/>\n<meta property=\"og:description\" content=\"Cuando encontramos vacantes de personas con discapacidad en las empresas que se animan a la inclusi\u00f3n laboral, generalmente se refieren a discapacidad motriz, visual o auditiva, porque son personas, que, a pesar de sus importantes limitantes, son capaces de terminar una carrera, incluso hasta una maestr\u00eda y poder desempe\u00f1ar un trabajo profesional dentro de una [&hellip;]\" \/>\n<meta property=\"og:url\" content=\"https:\/\/alianzaneo.org\/noticias\/discapacidad-intelectual-la-de-menos-oportunidades-laborales\/\" \/>\n<meta property=\"og:site_name\" content=\"Alianza Neo\" \/>\n<meta property=\"article:publisher\" content=\"https:\/\/www.facebook.com\/jovenesNEO\" \/>\n<meta property=\"article:published_time\" content=\"2023-02-17T18:31:48+00:00\" \/>\n<meta property=\"article:modified_time\" content=\"2023-02-17T18:51:02+00:00\" \/>\n<meta property=\"og:image\" content=\"https:\/\/alianzaneo.org\/noticias\/wp-content\/uploads\/2023\/02\/ilustracion-1.png\" \/>\n\t<meta property=\"og:image:width\" content=\"1400\" \/>\n\t<meta property=\"og:image:height\" content=\"1080\" \/>\n\t<meta property=\"og:image:type\" content=\"image\/png\" \/>\n<meta name=\"author\" content=\"Alianza_Neo\" \/>\n<meta name=\"twitter:card\" content=\"summary_large_image\" \/>\n<meta name=\"twitter:creator\" content=\"@jovenesneomx\" \/>\n<meta name=\"twitter:site\" content=\"@jovenesneomx\" \/>\n<meta name=\"twitter:label1\" content=\"Escrito por\" \/>\n\t<meta name=\"twitter:data1\" content=\"Alianza_Neo\" \/>\n\t<meta name=\"twitter:label2\" content=\"Tiempo de lectura\" \/>\n\t<meta name=\"twitter:data2\" content=\"5 minutos\" \/>\n<script type=\"application\/ld+json\" class=\"yoast-schema-graph\">{\"@context\":\"https:\/\/schema.org\",\"@graph\":[{\"@type\":\"WebPage\",\"@id\":\"https:\/\/alianzaneo.org\/noticias\/discapacidad-intelectual-la-de-menos-oportunidades-laborales\/\",\"url\":\"https:\/\/alianzaneo.org\/noticias\/discapacidad-intelectual-la-de-menos-oportunidades-laborales\/\",\"name\":\"Discapacidad intelectual: la de menos oportunidades laborales - Alianza Neo\",\"isPartOf\":{\"@id\":\"http:\/\/alianzaneo.org\/noticias\/#website\"},\"datePublished\":\"2023-02-17T18:31:48+00:00\",\"dateModified\":\"2023-02-17T18:51:02+00:00\",\"author\":{\"@id\":\"http:\/\/alianzaneo.org\/noticias\/#\/schema\/person\/be37471be0e7999cafb28e2e87b81f50\"},\"breadcrumb\":{\"@id\":\"https:\/\/alianzaneo.org\/noticias\/discapacidad-intelectual-la-de-menos-oportunidades-laborales\/#breadcrumb\"},\"inLanguage\":\"es\",\"potentialAction\":[{\"@type\":\"ReadAction\",\"target\":[\"https:\/\/alianzaneo.org\/noticias\/discapacidad-intelectual-la-de-menos-oportunidades-laborales\/\"]}]},{\"@type\":\"BreadcrumbList\",\"@id\":\"https:\/\/alianzaneo.org\/noticias\/discapacidad-intelectual-la-de-menos-oportunidades-laborales\/#breadcrumb\",\"itemListElement\":[{\"@type\":\"ListItem\",\"position\":1,\"name\":\"Portada\",\"item\":\"http:\/\/alianzaneo.org\/noticias\/\"},{\"@type\":\"ListItem\",\"position\":2,\"name\":\"Discapacidad intelectual: la de menos oportunidades laborales\"}]},{\"@type\":\"WebSite\",\"@id\":\"http:\/\/alianzaneo.org\/noticias\/#website\",\"url\":\"http:\/\/alianzaneo.org\/noticias\/\",\"name\":\"Alianza Neo\",\"description\":\"Noticias\",\"potentialAction\":[{\"@type\":\"SearchAction\",\"target\":{\"@type\":\"EntryPoint\",\"urlTemplate\":\"http:\/\/alianzaneo.org\/noticias\/?s={search_term_string}\"},\"query-input\":\"required name=search_term_string\"}],\"inLanguage\":\"es\"},{\"@type\":\"Person\",\"@id\":\"http:\/\/alianzaneo.org\/noticias\/#\/schema\/person\/be37471be0e7999cafb28e2e87b81f50\",\"name\":\"Alianza_Neo\",\"image\":{\"@type\":\"ImageObject\",\"inLanguage\":\"es\",\"@id\":\"http:\/\/alianzaneo.org\/noticias\/#\/schema\/person\/image\/\",\"url\":\"https:\/\/secure.gravatar.com\/avatar\/77801b194dbcac9da740e82afc34f2f3062e912d1e43cc819feb48d5a6661d79?s=96&d=mm&r=g\",\"contentUrl\":\"https:\/\/secure.gravatar.com\/avatar\/77801b194dbcac9da740e82afc34f2f3062e912d1e43cc819feb48d5a6661d79?s=96&d=mm&r=g\",\"caption\":\"Alianza_Neo\"},\"sameAs\":[\"http:\/\/alianzaneo.org\/noticias\"],\"url\":\"https:\/\/alianzaneo.org\/noticias\/author\/alianza_neo\/\"}]}<\/script>\n<!-- \/ Yoast SEO plugin. -->","yoast_head_json":{"title":"Discapacidad intelectual: la de menos oportunidades laborales - Alianza Neo","robots":{"index":"index","follow":"follow","max-snippet":"max-snippet:-1","max-image-preview":"max-image-preview:large","max-video-preview":"max-video-preview:-1"},"canonical":"https:\/\/alianzaneo.org\/noticias\/discapacidad-intelectual-la-de-menos-oportunidades-laborales\/","og_locale":"es_ES","og_type":"article","og_title":"Discapacidad intelectual: la de menos oportunidades laborales - Alianza Neo","og_description":"Cuando encontramos vacantes de personas con discapacidad en las empresas que se animan a la inclusi\u00f3n laboral, generalmente se refieren a discapacidad motriz, visual o auditiva, porque son personas, que, a pesar de sus importantes limitantes, son capaces de terminar una carrera, incluso hasta una maestr\u00eda y poder desempe\u00f1ar un trabajo profesional dentro de una [&hellip;]","og_url":"https:\/\/alianzaneo.org\/noticias\/discapacidad-intelectual-la-de-menos-oportunidades-laborales\/","og_site_name":"Alianza Neo","article_publisher":"https:\/\/www.facebook.com\/jovenesNEO","article_published_time":"2023-02-17T18:31:48+00:00","article_modified_time":"2023-02-17T18:51:02+00:00","og_image":[{"width":1400,"height":1080,"url":"https:\/\/alianzaneo.org\/noticias\/wp-content\/uploads\/2023\/02\/ilustracion-1.png","type":"image\/png"}],"author":"Alianza_Neo","twitter_card":"summary_large_image","twitter_creator":"@jovenesneomx","twitter_site":"@jovenesneomx","twitter_misc":{"Escrito por":"Alianza_Neo","Tiempo de lectura":"5 minutos"},"schema":{"@context":"https:\/\/schema.org","@graph":[{"@type":"WebPage","@id":"https:\/\/alianzaneo.org\/noticias\/discapacidad-intelectual-la-de-menos-oportunidades-laborales\/","url":"https:\/\/alianzaneo.org\/noticias\/discapacidad-intelectual-la-de-menos-oportunidades-laborales\/","name":"Discapacidad intelectual: la de menos oportunidades laborales - Alianza Neo","isPartOf":{"@id":"http:\/\/alianzaneo.org\/noticias\/#website"},"datePublished":"2023-02-17T18:31:48+00:00","dateModified":"2023-02-17T18:51:02+00:00","author":{"@id":"http:\/\/alianzaneo.org\/noticias\/#\/schema\/person\/be37471be0e7999cafb28e2e87b81f50"},"breadcrumb":{"@id":"https:\/\/alianzaneo.org\/noticias\/discapacidad-intelectual-la-de-menos-oportunidades-laborales\/#breadcrumb"},"inLanguage":"es","potentialAction":[{"@type":"ReadAction","target":["https:\/\/alianzaneo.org\/noticias\/discapacidad-intelectual-la-de-menos-oportunidades-laborales\/"]}]},{"@type":"BreadcrumbList","@id":"https:\/\/alianzaneo.org\/noticias\/discapacidad-intelectual-la-de-menos-oportunidades-laborales\/#breadcrumb","itemListElement":[{"@type":"ListItem","position":1,"name":"Portada","item":"http:\/\/alianzaneo.org\/noticias\/"},{"@type":"ListItem","position":2,"name":"Discapacidad intelectual: la de menos oportunidades laborales"}]},{"@type":"WebSite","@id":"http:\/\/alianzaneo.org\/noticias\/#website","url":"http:\/\/alianzaneo.org\/noticias\/","name":"Alianza Neo","description":"Noticias","potentialAction":[{"@type":"SearchAction","target":{"@type":"EntryPoint","urlTemplate":"http:\/\/alianzaneo.org\/noticias\/?s={search_term_string}"},"query-input":"required name=search_term_string"}],"inLanguage":"es"},{"@type":"Person","@id":"http:\/\/alianzaneo.org\/noticias\/#\/schema\/person\/be37471be0e7999cafb28e2e87b81f50","name":"Alianza_Neo","image":{"@type":"ImageObject","inLanguage":"es","@id":"http:\/\/alianzaneo.org\/noticias\/#\/schema\/person\/image\/","url":"https:\/\/secure.gravatar.com\/avatar\/77801b194dbcac9da740e82afc34f2f3062e912d1e43cc819feb48d5a6661d79?s=96&d=mm&r=g","contentUrl":"https:\/\/secure.gravatar.com\/avatar\/77801b194dbcac9da740e82afc34f2f3062e912d1e43cc819feb48d5a6661d79?s=96&d=mm&r=g","caption":"Alianza_Neo"},"sameAs":["http:\/\/alianzaneo.org\/noticias"],"url":"https:\/\/alianzaneo.org\/noticias\/author\/alianza_neo\/"}]}},"featured_image_url":"https:\/\/alianzaneo.org\/noticias\/wp-content\/uploads\/2023\/02\/ilustracion-1.png","_links":{"self":[{"href":"https:\/\/alianzaneo.org\/noticias\/wp-json\/wp\/v2\/posts\/141","targetHints":{"allow":["GET"]}}],"collection":[{"href":"https:\/\/alianzaneo.org\/noticias\/wp-json\/wp\/v2\/posts"}],"about":[{"href":"https:\/\/alianzaneo.org\/noticias\/wp-json\/wp\/v2\/types\/post"}],"author":[{"embeddable":true,"href":"https:\/\/alianzaneo.org\/noticias\/wp-json\/wp\/v2\/users\/1"}],"replies":[{"embeddable":true,"href":"https:\/\/alianzaneo.org\/noticias\/wp-json\/wp\/v2\/comments?post=141"}],"version-history":[{"count":8,"href":"https:\/\/alianzaneo.org\/noticias\/wp-json\/wp\/v2\/posts\/141\/revisions"}],"predecessor-version":[{"id":156,"href":"https:\/\/alianzaneo.org\/noticias\/wp-json\/wp\/v2\/posts\/141\/revisions\/156"}],"wp:featuredmedia":[{"embeddable":true,"href":"https:\/\/alianzaneo.org\/noticias\/wp-json\/wp\/v2\/media\/155"}],"wp:attachment":[{"href":"https:\/\/alianzaneo.org\/noticias\/wp-json\/wp\/v2\/media?parent=141"}],"wp:term":[{"taxonomy":"category","embeddable":true,"href":"https:\/\/alianzaneo.org\/noticias\/wp-json\/wp\/v2\/categories?post=141"},{"taxonomy":"post_tag","embeddable":true,"href":"https:\/\/alianzaneo.org\/noticias\/wp-json\/wp\/v2\/tags?post=141"}],"curies":[{"name":"wp","href":"https:\/\/api.w.org\/{rel}","templated":true}]}}